{"id":5699,"date":"2024-01-17T13:32:55","date_gmt":"2024-01-17T12:32:55","guid":{"rendered":"https:\/\/oplcat.eu\/?p=5699"},"modified":"2024-01-22T12:04:25","modified_gmt":"2024-01-22T11:04:25","slug":"kit-portes-obertes-2024","status":"publish","type":"post","link":"https:\/\/oplcat.eu\/index.php\/2024\/01\/17\/kit-portes-obertes-2024\/","title":{"rendered":"KIT PORTES OBERTES 2024"},"content":{"rendered":"\n<h3 class=\"wp-block-heading\">L&rsquo;OPLC propose un KIT communication Portes Ouvertes pour promouvoir la transmission et l&rsquo;enseignement du catalan, ainsi que pour en pr\u00e9senter les parcours scolaires.<\/h3>\n\n\n\n<h3 class=\"wp-block-heading\">L&rsquo;OPLC proposa un KIT comunicaci\u00f3 Portes Obertes per a promoure la transmissi\u00f3 i l&rsquo;ensenyament del catal\u00e0, aix\u00ed com per a presentar-ne l&rsquo;oferta escolar.<\/h3>\n\n\n\n<figure class=\"wp-block-image size-large\"><img fetchpriority=\"high\" decoding=\"async\" width=\"1024\" height=\"858\" src=\"https:\/\/oplcat.eu\/wp-content\/uploads\/2024\/01\/Portes-Ouvertes-2024-3-1024x858.png\" alt=\"\" class=\"wp-image-5703\" srcset=\"https:\/\/oplcat.eu\/wp-content\/uploads\/2024\/01\/Portes-Ouvertes-2024-3-1024x858.png 1024w, https:\/\/oplcat.eu\/wp-content\/uploads\/2024\/01\/Portes-Ouvertes-2024-3-300x251.png 300w, https:\/\/oplcat.eu\/wp-content\/uploads\/2024\/01\/Portes-Ouvertes-2024-3-768x644.png 768w, https:\/\/oplcat.eu\/wp-content\/uploads\/2024\/01\/Portes-Ouvertes-2024-3-1536x1288.png 1536w, https:\/\/oplcat.eu\/wp-content\/uploads\/2024\/01\/Portes-Ouvertes-2024-3-2048x1717.png 2048w\" sizes=\"(max-width: 1024px) 100vw, 1024px\" \/><\/figure>\n\n\n\n<p class=\"has-medium-font-size\">Concebut per a fornir materials de comunicaci\u00f3 a la promoci\u00f3 de l&rsquo;ensenyament de\/en catal\u00e0.<\/p>\n\n\n\n<p class=\"has-medium-font-size\">Per a tots els actors de la transmissi\u00f3 i de l&rsquo;ensenyament: ensenyants, formadors, caps d&rsquo;establiment, responsables associatius, etc. <\/p>\n\n\n\n<p class=\"has-medium-font-size\">Aquest KIT us ajuda a organitzar les vostres presentacions, els vostres estands i trobades.<\/p>\n\n\n\n<p class=\"has-medium-font-size\">Descobriu el KIT, adapteu-lo i comandeu-lo amb aquest<strong> <a href=\"https:\/\/forms.gle\/d6qeSLWpJ5e8cWse9\">FORMULARI<\/a><\/strong>.<\/p>\n\n\n\n<p>&#8211; &#8211; &#8211; &#8211;<\/p>\n\n\n\n<p class=\"has-medium-font-size\">Con\u00e7u pour r\u00e9pondre aux besoins en communication de la promotion de l&rsquo;enseignement de\/en catalan. <\/p>\n\n\n\n<p class=\"has-medium-font-size\">Destin\u00e9 \u00e0 tous les acteurs de la transmission et de l&rsquo;enseignement : enseignants, formateurs, chefs d&rsquo;\u00e9tablissement, responsables associatifs, etc.<\/p>\n\n\n\n<p class=\"has-medium-font-size\">Ce KIT vous aide \u00e0 organiser vos pr\u00e9sentations, vos stands et vos rencontres.<\/p>\n\n\n\n<p class=\"has-medium-font-size\">Vous pouvez d\u00e9couvrir le KIT, l&rsquo;adapter et le commander via ce <strong><a href=\"https:\/\/forms.gle\/d6qeSLWpJ5e8cWse9\">FORMULAIRE<\/a><\/strong>.<\/p>\n\n\n\n<p class=\"has-vivid-red-color has-text-color has-link-color wp-elements-d892fc3bd22a59d85835b5b9e67ba655\">+Infos <a href=\"mailto:contact@oplcat.eu\" target=\"_blank\" rel=\"noreferrer noopener\"><strong>contact@oplcat.eu<\/strong><\/a><\/p>\n","protected":false},"excerpt":{"rendered":"<p>L&rsquo;OPLC propose un KIT communication Portes Ouvertes pour promouvoir la transmission et l&rsquo;enseignement du catalan, ainsi que pour en pr\u00e9senter &hellip; <\/p>\n","protected":false},"author":1,"featured_media":5703,"comment_status":"closed","ping_status":"open","sticky":false,"template":"","format":"standard","meta":{"_exactmetrics_skip_tracking":false,"_exactmetrics_sitenote_active":false,"_exactmetrics_sitenote_note":"","_exactmetrics_sitenote_category":0,"footnotes":"","_links_to":"","_links_to_target":""},"categories":[5],"tags":[],"class_list":["post-5699","post","type-post","status-publish","format-standard","has-post-thumbnail","hentry","category-actus"],"_links":{"self":[{"href":"https:\/\/oplcat.eu\/index.php\/wp-json\/wp\/v2\/posts\/5699","targetHints":{"allow":["GET"]}}],"collection":[{"href":"https:\/\/oplcat.eu\/index.php\/wp-json\/wp\/v2\/posts"}],"about":[{"href":"https:\/\/oplcat.eu\/index.php\/wp-json\/wp\/v2\/types\/post"}],"author":[{"embeddable":true,"href":"https:\/\/oplcat.eu\/index.php\/wp-json\/wp\/v2\/users\/1"}],"replies":[{"embeddable":true,"href":"https:\/\/oplcat.eu\/index.php\/wp-json\/wp\/v2\/comments?post=5699"}],"version-history":[{"count":5,"href":"https:\/\/oplcat.eu\/index.php\/wp-json\/wp\/v2\/posts\/5699\/revisions"}],"predecessor-version":[{"id":5709,"href":"https:\/\/oplcat.eu\/index.php\/wp-json\/wp\/v2\/posts\/5699\/revisions\/5709"}],"wp:featuredmedia":[{"embeddable":true,"href":"https:\/\/oplcat.eu\/index.php\/wp-json\/wp\/v2\/media\/5703"}],"wp:attachment":[{"href":"https:\/\/oplcat.eu\/index.php\/wp-json\/wp\/v2\/media?parent=5699"}],"wp:term":[{"taxonomy":"category","embeddable":true,"href":"https:\/\/oplcat.eu\/index.php\/wp-json\/wp\/v2\/categories?post=5699"},{"taxonomy":"post_tag","embeddable":true,"href":"https:\/\/oplcat.eu\/index.php\/wp-json\/wp\/v2\/tags?post=5699"}],"curies":[{"name":"wp","href":"https:\/\/api.w.org\/{rel}","templated":true}]}}